[
{
"id": 126655,
"dsTags": [
"PACOTE",
"INTERNACIONAL"
],
"dtEntrada": null,
"dtSaida": null,
"nmTopVenda": "Carnaval | San Andr\u00e9s sa\u00edda S\u00e3o Paulo",
"dsUrlImg": "https:\/\/media.infotravel.com.br\/image\/upload\/c_scale,h_200\/4F6523DF03059319C129586CBE902918.png",
"dsUrlImgDetalhe": "https:\/\/media.infotravel.com.br\/image\/upload\/c_scale,h_200\/419281C2FD0CF3B773DB2F99B3FACF43.png",
"stManual": true,
"bannerType": "CONVENCIONAL",
"nrParcela": 12,
"dsDestaque": "Bloqueio a\u00e9reo",
"dsBanner": "<img src=\"https:\/\/d335luupugsy2.cloudfront.net\/cms%2Ffiles%2F97825%2F17871558891174-2026_Carnaval_San_andres_GRU.png\">",
"vlTotal": 8736,
"vlTotalTaxa": 0,
"vlPagamento": 8736,
"sgMoeda": "R$",
"idPacote": null,
"tpOrigem": null,
"sgOrigem": null,
"nmOrigem": "S\u00e3o Paulo, Regi\u00e3o Sudeste, Brasil",
"idOrigem": 2802,
"tpDestino": null,
"sgDestino": null,
"nmDestino": "San Andres, San Andr\u00e9s y Providencia, Col\u00f4mbia",
"idDestino": 27132,
"idHotel": null,
"idEmpresa": 1,
"dsReservaTipo": "PACOTE A\u00c9REO",
"dtInclusao": "2026-08-20T23:06:44Z",
"dtValidade": "2026-09-18T23:59:00Z",
"idUnidade": 1093,
"idPontoVenda": null,
"chave": null,
"WSTopVenda": "{\"topVendaId\":126655,\"dsUrlBanner\":\"https:\/\/media.infotravel.com.br\/image\/upload\/c_scale,h_200\/4F6523DF03059319C129586CBE902918.png\",\"dsUrlBannerDetalhe\":\"https:\/\/media.infotravel.com.br\/image\/upload\/c_scale,h_200\/419281C2FD0CF3B773DB2F99B3FACF43.png\",\"imagenBannerList\":[],\"sgMoeda\":\"R$\",\"vlTotal\":8736.0,\"reservaPacote\":{\"keyPacoteParametro\":\"}{}{}{}{}{}{}{}{#|#F41FC8857F1BFF94DEFB4043BF159C6E\",\"origem\":{\"id\":2802,\"nm\":\"S\u00e3o Paulo, Regi\u00e3o Sudeste, Brasil\",\"am\":\"\",\"po\":false},\"destino\":{\"id\":27132,\"nm\":\"San Andres, San Andr\u00e9s y Providencia, Col\u00f4mbia\",\"am\":\"\",\"po\":false},\"vlComissaoAjuste\":0.0,\"stSelecionado\":false,\"stInfoxInfo\":false,\"stFornecedorDocObrigatorio\":false},\"dsBanner\":\"\\u003cimg src\\u003d\\\"https:\/\/d335luupugsy2.cloudfront.net\/cms%2Ffiles%2F97825%2F17871558891174-2026_Carnaval_San_andres_GRU.png\\\"\\u003e\",\"dsDestaque\":\"Bloqueio a\u00e9reo\",\"nmBanner\":\"Carnaval | San Andr\u00e9s sa\u00edda S\u00e3o Paulo\",\"dsReservaTipo\":\"PACOTE A\u00c9REO\",\"sgReservaTipo\":\"PACAER\",\"dsTag\":\"PACOTE,INTERNACIONAL\",\"stManual\":true,\"dsLogo\":\"https:\/\/media.infotravel.com.br\/image\/upload\/c_scale,h_200\/BB77D03B45CFC46A5B5BFE5B7E32CF00.png\",\"qtParcela\":12,\"usuario\":{\"id\":1129,\"nome\":\"Michelle Menta\",\"email\":\"produtos@incomum.com\",\"telefone\":{\"nrDDD\":\"48\",\"nrTelefone\":\"996328407\",\"telefoneTipo\":\"RESIDENCIAL\"}}}"
}
]